{"id":1470,"date":"2020-03-08T03:30:52","date_gmt":"2020-03-08T03:30:52","guid":{"rendered":"https:\/\/gaviaspreview.com\/wp\/orgarium\/?p=1"},"modified":"2026-02-03T16:00:52","modified_gmt":"2026-02-03T13:00:52","slug":"topragin-ve-tarimin-gelecegi-ciftcilerimizdir","status":"publish","type":"post","link":"http:\/\/kaparsogukhava.com\/index.php\/2020\/03\/08\/topragin-ve-tarimin-gelecegi-ciftcilerimizdir\/","title":{"rendered":"\u201cTopra\u011f\u0131n ve tar\u0131m\u0131n gelece\u011fi \u00e7ift\u00e7ilerimizdir&#8221;"},"content":{"rendered":"<h2>Reis G\u0131da Y\u00f6netim Kurulu \u00dcyesi I\u015f\u0131lay Reis Yorgun, topra\u011f\u0131n bereketinin insanl\u0131\u011f\u0131n gelece\u011fiyle do\u011frudan ba\u011flant\u0131l\u0131 oldu\u011funu belirterek, \u201cBu ba\u011flant\u0131n\u0131n en g\u00fc\u00e7l\u00fc halkas\u0131n\u0131 ise topra\u011f\u0131 i\u015fleyen; eme\u011fiyle \u00fcretimi var eden \u00e7ift\u00e7ilerimiz olu\u015fturuyor. Bug\u00fcn, tar\u0131msal \u00fcretimde ya\u015fanan d\u00f6n\u00fc\u015f\u00fcm\u00fcn merkezinde yine onlar var. Bug\u00fcn \u00e7ift\u00e7ilerimiz sayesinde topra\u011f\u0131n ve tar\u0131m\u0131n gelece\u011fi g\u00fcvende\u201d dedi.<\/h2>\n<p>\u0130klim de\u011fi\u015fikli\u011finin etkileri\u00adnin artt\u0131\u011f\u0131, do\u011fal kaynaklar\u0131n azald\u0131\u011f\u0131 ve d\u00fcnya n\u00fcfusunun h\u0131z\u00adla \u00e7o\u011fald\u0131\u011f\u0131 bir d\u00f6nemde, \u00e7ift\u00e7i\u00adlerin sadece \u00fcretim yapmad\u0131\u011f\u0131n\u0131 ayn\u0131 zamanda gelece\u011fi \u015fekillen\u00addiren birer kahraman gibi hare\u00adket etti\u011fine dikkat \u00e7eken Reis G\u0131\u00adda Y\u00f6netim Kurulu \u00dcyesi I\u015f\u0131lay Reis Yorgun, art\u0131k \u00fcretimde bil\u00adgi ve teknoloji d\u00f6neminin ya\u015fan\u00add\u0131\u011f\u0131n\u0131 s\u00f6yledi.<\/p>\n<figure class=\"wp-block-pullquote is-style-solid-color\">\n<blockquote class=\"wp-block-quote has-text-color has-very-dark-gray-color\"><p>\u201cYapay zeka ve hassas tar\u0131m uygulamalar\u0131, do\u011fal kaynaklar\u0131n daha verimli kulla\u00adn\u0131lmas\u0131n\u0131 sa\u011fl\u0131yor, \u00e7evre dostu ve s\u00fcrd\u00fcr\u00fclebilir g\u0131da sistemlerinin kurulmas\u0131nda \u00f6nemli bir rol \u00fcstle\u00adniyor.<\/p><\/blockquote>\n<\/figure>\n<div class=\"content-text\">\n<p>Geleneksel tar\u0131m y\u00f6ntemlerinin modern teknolo\u00adjilerle bulu\u015ftu\u011fu bu yeni d\u00f6nem\u00adde, \u00e7ift\u00e7ilerin topra\u011fa yaln\u0131zca tohum de\u011fil, ayn\u0131 zamanda bil\u00adgi ve vizyon ekti\u011fine i\u015faret eden I\u015f\u0131lay Reis Yorgun, \u201cTar\u0131m art\u0131k yaln\u0131zca do\u011fayla ba\u015f ba\u015fa s\u00fcr\u00add\u00fcr\u00fclen bir u\u011fra\u015f de\u011fil; veriye, planlamaya ve s\u00fcrekli \u00f6\u011frenme\u00adye dayal\u0131 bir \u00fcretim s\u00fcreci haline geldi\u201d diye konu\u015ftu.<\/p>\n<p>Tar\u0131mda diji\u00adtalle\u015fmenin \u00fcreticinin zamandan tasarruf etmesini sa\u011flarken \u00e7ev\u00adre dostu \u00fcretim i\u00e7in de \u00f6nemli bir f\u0131rsat sundu\u011funu ileten Yorgun, \u015f\u00f6yle devam etti: \u201cYapay zeka ve hassas tar\u0131m uygulamalar\u0131, do\u011fal kaynaklar\u0131n daha verimli kulla\u00adn\u0131lmas\u0131n\u0131 sa\u011fl\u0131yor, \u00e7evre dostu ve s\u00fcrd\u00fcr\u00fclebilir g\u0131da sistemlerinin kurulmas\u0131nda \u00f6nemli bir rol \u00fcstle\u00adniyor. Uydu destekli veri toplama, toprak analizleri, sens\u00f6r destekli izleme sistemleri gibi dijital ara\u00e7\u00adlarla \u00fcreticilerimiz hem \u00e7evresel ko\u015fullara daha h\u0131zl\u0131 uyum sa\u011fla\u00admakta hem de kaynaklar\u0131n\u0131 \u00e7ok daha verimli kullanabilmektedir.\u201d<\/p>\n<h3>\u201cS\u00fcrekli \u00f6\u011frenmeyen dayal\u0131 bir s\u00fcre\u00e7 var\u201d<\/h3>\n<p>Tar\u0131m\u0131n art\u0131k yaln\u0131zca do\u011fay\u00adla ba\u015f ba\u015fa s\u00fcrd\u00fcr\u00fclen bir u\u011fra\u015f de\u011fil; ayn\u0131 zamanda veriye, plan\u00adlamaya ve s\u00fcrekli \u00f6\u011frenmeye da\u00adyal\u0131 bir \u00fcretim s\u00fcreci oldu\u011funa at\u0131fta bulunan I\u015f\u0131lay Reis Yorgun, \u201cHava durumu tahminlerine g\u00f6\u00adre sulama d\u00fczenlemeleri yap\u0131la\u00adbilmekte, toprak t\u00fcr\u00fcne g\u00f6re en uygun \u00fcr\u00fcn se\u00e7ilebilmekte, has\u00adtal\u0131k ve zararl\u0131lara kar\u015f\u0131 \u00f6nceden \u00f6nlem al\u0131nabilmektedir. Bu uy\u00adgulamalar yaln\u0131zca \u00fcr\u00fcn verimi\u00adni de\u011fil, \u00fcretim kalitesini ve g\u0131\u00adda g\u00fcvenli\u011fini de art\u0131r\u0131yor.<\/p>\n<p>Ayr\u0131\u00adca bilgiye eri\u015fimin kolayla\u015fmas\u0131, \u00fcreticilerin kolektif bir bilin\u00e7le hareket etmesini sa\u011flarken, e\u011fi\u00adtim, dan\u0131\u015fmanl\u0131k ve teknik des\u00adtek faaliyetlerinin \u00e7ift\u00e7ilerin bilgi d\u00fczeyini art\u0131rarak yeni nesil \u00fcre\u00adtim sistemlerine adapte olmala\u00adr\u0131n\u0131 sa\u011flamaktad\u0131r. Tar\u0131msal bil\u00adginin yayg\u0131nla\u015ft\u0131r\u0131lmas\u0131, yaln\u0131zca bireysel \u00fcretim s\u00fcre\u00e7lerini de\u011fil, ayn\u0131 zamanda \u00fclkemizin g\u0131da arz g\u00fcvenli\u011fini de g\u00fc\u00e7lendiren stra\u00adtejik bir ad\u0131md\u0131r\u201d dedi.<\/p>\n<h3>\u201c\u00dcretimde s\u00fcrd\u00fcr\u00fclebilir ad\u0131mlar, g\u00fc\u00e7l\u00fc yar\u0131nlar\u201d<\/h3>\n<p>\u0130\u00e7inde bulundu\u011fumuz May\u0131s ay\u0131nda \u00e7eltik ve fasulye gibi \u00fcr\u00fcn\u00adlerin tohumlar\u0131n\u0131n toprakla bu\u00adlu\u015ftu\u011funu an\u0131msatan I\u015f\u0131lay Re\u00adis Yorgun, gelece\u011fin hasad\u0131 i\u00e7in ilk ad\u0131mlar\u0131n bu d\u00f6nemde at\u0131ld\u0131\u00ad\u011f\u0131 bilgisini verdi. Reis G\u0131da ola\u00adrak, 2020 y\u0131l\u0131nda hayata ge\u00e7irdik\u00adleri \u201cBakliyat K\u00f6yleri\u201d kapsam\u0131n\u00adda bu \u00f6nemli d\u00f6nemi \u00f6zellikle kad\u0131n \u00fcreticilerle birlikte ya\u015fat\u00admaya devam ettiklerini aktaran Yorgun, \u201cBu y\u0131l ba\u015fta Ni\u011fde ve Samsun olmak \u00fczere \u00e7e\u015fitli illeri\u00admizde fasulye ve \u00e7eltik ekimlerini \u00fcreticilerimizin eme\u011fiyle ger\u00e7ek\u00adle\u015ftirece\u011fiz\u201d a\u00e7\u0131klamas\u0131n\u0131 yapt\u0131.<\/p>\n<p>Yerli tohumlar\u0131n korunmas\u0131 ve gelecek nesillere aktar\u0131lmas\u0131n\u0131n da Reis G\u0131da\u2019n\u0131n \u00f6ncelikleri ara\u00ads\u0131nda yer ald\u0131\u011f\u0131n\u0131 anlatan I\u015f\u0131lay Reis Yorgun, bu \u00e7er\u00e7evede, do\u011fal \u00fcretim modellerini destekleyip, ata tohumlar\u0131n\u0131n yayg\u0131nla\u015ft\u0131r\u0131l\u00admas\u0131 i\u00e7in \u00e7al\u0131\u015ft\u0131klar\u0131n\u0131 dile getirdi. Yorgun, \u201cY\u00f6netim Kurulu Ba\u015fka\u00adn\u0131m\u0131z Mehmet Reis\u2019in de vurgu\u00adlad\u0131\u011f\u0131 gibi: Ata tohumlar\u0131 gelecek nesillere b\u0131rak\u0131lacak en b\u00fcy\u00fck mi\u00adrast\u0131r\u201d hat\u0131rlatmas\u0131n\u0131 yapt\u0131.<\/p>\n<p>Topra\u011f\u0131 sadece ekip bi\u00e7mekle de\u011fil, onu tan\u0131yarak ve anlayarak i\u015fleyen \u00e7ift\u00e7ilerin bu d\u00f6n\u00fc\u015f\u00fcm\u00fcn en k\u0131ymetli akt\u00f6rleri oldu\u011funa inand\u0131\u011f\u0131n\u0131n alt\u0131n\u0131 \u00e7izen I\u015f\u0131lay Re\u00adis Yorgun, \u201cBilgiyle donanm\u0131\u015f her \u00e7ift\u00e7i, sadece kendi tarlas\u0131n\u0131n de\u00ad\u011fil, \u00fclke tar\u0131m\u0131n\u0131n da gelece\u011fini in\u015fa ediyor.<\/p>\n<p>Topra\u011fa verilen bu emek, yap\u0131lan i\u015fler ve elde edilen sonu\u00e7lar, de\u011ferli \u00e7ift\u00e7ilerimiz sa\u00adyesinde ger\u00e7ekle\u015fiyor. \u0130klim de\u00ad\u011fi\u015fikli\u011finin etkilerinin artt\u0131\u011f\u0131, do\u00ad\u011fal kaynaklar\u0131n azald\u0131\u011f\u0131 ve d\u00fcn\u00adya n\u00fcfusunun h\u0131zla \u00e7o\u011fald\u0131\u011f\u0131 bu d\u00f6nemde t\u00fcm zorluklara ra\u011fmen \u00e7ift\u00e7ilerimiz \u00fcretmeye kararl\u0131\u00adl\u0131kla devam ediyor.<\/p>\n<p>Reis G\u0131da ola\u00adrak biz de bu azim ve eme\u011fin far\u00adk\u0131nday\u0131z ve \u00e7ift\u00e7ilerimizin daima yan\u0131nda yer al\u0131yoruz. Y\u00fcr\u00fctt\u00fc\u011f\u00fc\u00adm\u00fcz her \u00e7al\u0131\u015fma, yaln\u0131zca tar\u0131m\u00adsal \u00fcretimi desteklemekle kalm\u0131\u00adyor; ayn\u0131 zamanda \u00fclkemizin s\u00fcr\u00add\u00fcr\u00fclebilir kalk\u0131nma hedeflerine de katk\u0131 sunuyor. \u00dcretimin s\u00fcrek\u00adlili\u011fini sa\u011flayan \u00e7ift\u00e7ilerimizin bilgi birikimi, eme\u011fi ve kararl\u0131l\u0131\u011f\u0131, tar\u0131m sekt\u00f6r\u00fcn\u00fcn gelece\u011fi a\u00e7\u0131s\u0131n\u00addan b\u00fcy\u00fck bir de\u011fer ta\u015f\u0131yor.\u201d<\/p>\n<h3>\u201cTopra\u011fa de\u011fer, sofralara bereket katanlar\u0131 kutluyorum\u201d<\/h3>\n<p>D\u00fcnya \u00c7ift\u00e7iler G\u00fcn\u00fc dolay\u0131s\u0131yla a\u00e7\u0131klamalarda bulunan Reis G\u0131da Y\u00f6netim Kurulu \u00dcyesi I\u015f\u0131lay Reis Yorgun, \u00e7ift\u00e7ilerin tar\u0131m sekt\u00f6r\u00fcn\u00fcn gelece\u011finde \u00fcstlendikleri role dikkat \u00e7ekerek \u015funlar\u0131 s\u00f6yledi: \u201cTopra\u011fa de\u011fer, sofralara bereket katan \u00e7ift\u00e7ilerimizin g\u00fcn\u00fc kutlu olsun. Tar\u0131m\u0131n bug\u00fcn\u00fc ve yar\u0131n\u0131 i\u00e7in sunduklar\u0131 k\u0131ymetli katk\u0131lar i\u00e7in her birine g\u00f6n\u00fclden te\u015fekk\u00fcr ediyoruz. \u00dcreticilerimizin eme\u011fi, yaln\u0131zca sofralar\u0131m\u0131za de\u011fil, \u00fclkemizin gelece\u011fine de umut ta\u015f\u0131maktad\u0131r.<\/p>\n<p>\u00c7ift\u00e7ilerimizin elleriyle \u015fekillenen bu bereketli topraklar, sadece bug\u00fcn\u00fcn sofralar\u0131n\u0131 de\u011fil, yar\u0131n\u0131n umutlar\u0131n\u0131 da besliyor. Onlar\u0131n eme\u011fiyle ye\u015feren her filiz, daha sa\u011fl\u0131kl\u0131 bir gelecek i\u00e7in at\u0131lan en g\u00fc\u00e7l\u00fc ad\u0131md\u0131r. Tar\u0131m\u0131n gelece\u011fi; bilgili, bilin\u00e7li ve vizyon sahibi \u00e7ift\u00e7ilerimizin ellerinde \u015fekilleniyor. Bu de\u011ferli eme\u011fi sayg\u0131yla selaml\u0131yor, tar\u0131m\u0131n yar\u0131nlar\u0131na umutla bak\u0131yoruz.\u201d<\/p>\n<\/div>\n<h3><span class=\"post-source\">Kaynak: D\u00dcNYA &#8211; \u0130STANBUL<\/span><\/h3>\n","protected":false},"excerpt":{"rendered":"<p>There are many variations of but the majority have simply free text.<\/p>\n","protected":false},"author":1,"featured_media":1603,"comment_status":"open","ping_status":"open","sticky":false,"template":"","format":"standard","meta":{"footnotes":""},"categories":[17],"tags":[22,24,25],"class_list":["post-1470","post","type-post","status-publish","format-standard","has-post-thumbnail","hentry","category-sektor-haberleri","tag-beach","tag-parks","tag-tourisms"],"_links":{"self":[{"href":"http:\/\/kaparsogukhava.com\/index.php\/wp-json\/wp\/v2\/posts\/1470","targetHints":{"allow":["GET"]}}],"collection":[{"href":"http:\/\/kaparsogukhava.com\/index.php\/wp-json\/wp\/v2\/posts"}],"about":[{"href":"http:\/\/kaparsogukhava.com\/index.php\/wp-json\/wp\/v2\/types\/post"}],"author":[{"embeddable":true,"href":"http:\/\/kaparsogukhava.com\/index.php\/wp-json\/wp\/v2\/users\/1"}],"replies":[{"embeddable":true,"href":"http:\/\/kaparsogukhava.com\/index.php\/wp-json\/wp\/v2\/comments?post=1470"}],"version-history":[{"count":1,"href":"http:\/\/kaparsogukhava.com\/index.php\/wp-json\/wp\/v2\/posts\/1470\/revisions"}],"predecessor-version":[{"id":1604,"href":"http:\/\/kaparsogukhava.com\/index.php\/wp-json\/wp\/v2\/posts\/1470\/revisions\/1604"}],"wp:featuredmedia":[{"embeddable":true,"href":"http:\/\/kaparsogukhava.com\/index.php\/wp-json\/wp\/v2\/media\/1603"}],"wp:attachment":[{"href":"http:\/\/kaparsogukhava.com\/index.php\/wp-json\/wp\/v2\/media?parent=1470"}],"wp:term":[{"taxonomy":"category","embeddable":true,"href":"http:\/\/kaparsogukhava.com\/index.php\/wp-json\/wp\/v2\/categories?post=1470"},{"taxonomy":"post_tag","embeddable":true,"href":"http:\/\/kaparsogukhava.com\/index.php\/wp-json\/wp\/v2\/tags?post=1470"}],"curies":[{"name":"wp","href":"https:\/\/api.w.org\/{rel}","templated":true}]}}