{"id":44,"date":"2025-03-08T04:37:16","date_gmt":"2025-03-08T01:37:16","guid":{"rendered":"https:\/\/gaviaspreview.com\/wp\/orgarium\/?p=44"},"modified":"2025-05-16T12:35:29","modified_gmt":"2025-05-16T09:35:29","slug":"gida-ihracatcisi-tedarik-icin-yurtdisina-yoneldi","status":"publish","type":"post","link":"http:\/\/kaparsogukhava.com\/index.php\/2025\/03\/08\/gida-ihracatcisi-tedarik-icin-yurtdisina-yoneldi\/","title":{"rendered":"G\u0131da ihracat\u00e7\u0131s\u0131 tedarik i\u00e7in yurtd\u0131\u015f\u0131na y\u00f6neldi"},"content":{"rendered":"<h2>T\u00fcrkiye\u2019de 10-14 Nisan tarihlerinde ya\u015fanan zirai donun, \u00f6zellikle meyve \u00fcretim b\u00f6lgelerinde ciddi rekolte kayb\u0131na yol a\u00e7arak, tar\u0131msal ihracat\u0131 da olumsuz etkilemesi bekleniyor. Kay\u0131s\u0131 ihracat\u00e7\u0131lar\u0131 ba\u011flant\u0131lar\u0131n\u0131 kaybetmemek ad\u0131na \u00d6zbekistan, Tacikistan ve K\u0131rg\u0131zistan gibi \u00fclkelerden \u00fcr\u00fcn ba\u011flamaya y\u00f6neldi. Bir k\u0131s\u0131m g\u0131da sanayicisinin ise \u00f6nceden yapt\u0131\u011f\u0131 ihracat kontratlar\u0131n\u0131 yerine getiremeyebilece\u011fi \u00f6ne s\u00fcr\u00fcl\u00fcyor.<\/h2>\n<p>T\u00fcrkiye\u2019de son 30 y\u0131l\u0131n en b\u00fcy\u00fck zirai don ola\u00ady\u0131n\u0131n ya\u015fanmas\u0131, sa\u00addece \u00e7ift\u00e7iyi de\u011fil ihracat\u00e7\u0131y\u0131 da vurdu. Ba\u015fta kay\u0131s\u0131, kiraz, \u015feftali ve elmada rekoltenin d\u00fc\u015fmesiyle tar\u0131msal ihraca\u00adt\u0131n da olumsuz etkilenece\u00ad\u011fi vurgulan\u0131yor. Malatya\u2019da kay\u0131s\u0131da kayb\u0131n y\u00fczde 100\u2019e yak\u0131n olmas\u0131yla birlikte ih\u00adracat\u00e7\u0131 firmalar \u00d6zbekistan, Tacikistan ve K\u0131rg\u0131zistan gi\u00adbi \u00fclkelerden \u00fcr\u00fcn ba\u011flamaya y\u00f6neldi. Di\u011fer \u00fcr\u00fcnlerde kay\u00adb\u0131n nispetten daha az olmas\u0131 nedeniyle ihracat\u00e7\u0131n\u0131n \u2018bek\u00adle-g\u00f6r\u2019 politikas\u0131 izledi\u011fi de belirtiliyor.<\/p>\n<figure class=\"wp-block-pullquote is-style-solid-color\">\n<blockquote class=\"wp-block-quote has-text-color has-very-dark-gray-color\"><p>Zirai donun zarar\u0131n\u0131 ve a\u00e7t\u0131\u011f\u0131 ekonomik yaray\u0131 sa\u00adracak kal\u0131c\u0131 ad\u0131mlar at\u0131lmaz\u00adsa, \u00fcreticimizle birlikte bir\u00ad\u00e7ok sekt\u00f6r ayn\u0131 ma\u011fduriyeti ya\u015fayacak.<\/p><\/blockquote>\n<\/figure>\n<p>Zirai don nedeniyle fiyat\u00adlarda y\u00fckselme beklentisinin ayn\u0131 zamanda baz\u0131 al\u0131c\u0131 \u00fclke\u00adleri alternatif pazarlara y\u00f6\u00adneltece\u011fi endi\u015fesi de payla\u015f\u0131\u00adl\u0131yor. G\u0131da sanayicisi a\u00e7\u0131s\u0131n\u00addan ise ihracat ba\u011flant\u0131lar\u0131 ve kontrat y\u00fck\u00fcml\u00fcl\u00fcklerinin yerine getirilmesi noktas\u0131nda yeni sorunlar\u0131n kap\u0131da oldu\u00ad\u011fu ifade ediliyor. D\u00dcNYA\u2019ya konu\u015fan sekt\u00f6r temsilcileri, il baz\u0131nda ekonomik kayb\u0131n ya\u00ad\u015fand\u0131\u011f\u0131n\u0131, Malatya\u2019da kay\u0131s\u0131 ekosisteminde 200 milyar li\u00adra, Isparta\u2019da elma ve g\u00fcl kay\u00adb\u0131n\u0131n 10 milyar lira ve Ada\u00adna\u2019da ise yakla\u015f\u0131k 14 milyar li\u00adra oldu\u011funu tahmin ediyor.<\/p>\n<h3>\u201cMalatya\u2019da zarar 200 milyar lira\u201d<\/h3>\n<p>T\u00fcrkiye\u2019nin stratejik ta\u00adr\u0131m \u00fcr\u00fcn\u00fc olan kay\u0131s\u0131n\u0131n 12 Nisan gecesi dona maruz kal\u00add\u0131\u011f\u0131n\u0131 kaydeden Malatya Ti\u00adcaret ve Sanayi Odas\u0131 (MT\u00adSO) Y\u00f6netim Kurulu Ba\u015fka\u00adn\u0131 O\u011fuzhan Ata Sad\u0131ko\u011flu, 6 \u015eubat depremi sonras\u0131 adeta ikinci bir afeti ya\u015fad\u0131klar\u0131n\u0131 s\u00f6yledi. Malatya\u2019da 9 milyonu a\u015fk\u0131n kay\u0131s\u0131 a\u011fac\u0131n\u0131n bulun\u00addu\u011funu aktaran Sad\u0131ko\u011flu, \u201c50 bin\u2019den fazla aile ge\u00e7imi\u00adni do\u011frudan ve dolayl\u0131 yoldan b\u00fct\u00fcn \u015fehrin ekonomisi ka\u00ady\u0131s\u0131ya ba\u011fl\u0131. Malatya olarak kay\u0131s\u0131dan y\u0131ll\u0131k 500 milyon dolar\u0131 bulan d\u00f6viz girdisiyle \u00fclke ekonomisine b\u00fcy\u00fck kat\u00adk\u0131 sunuyoruz. 2024\u2019te 76 bin 926 ton kuru kay\u0131s\u0131 ihracat\u0131 ger\u00e7ekle\u015ftirerek, 410 milyon 891 bin dolar geliri sa\u011flad\u0131k.<\/p>\n<p>Ancak bu y\u0131lki don zarar\u0131 hem \u015fehrimiz hem de \u00fclkemiz eko\u00adnomisinde telafisi zor yaralar a\u00e7acak. Bu y\u0131lki rekoltemiz maalesef s\u0131f\u0131r seviyesinde olacak. Zirai donun zarar\u0131n\u0131 ve a\u00e7t\u0131\u011f\u0131 ekonomik yaray\u0131 sa\u00adracak kal\u0131c\u0131 ad\u0131mlar at\u0131lmaz\u00adsa, \u00fcreticimizle birlikte bir\u00ad\u00e7ok sekt\u00f6r ayn\u0131 ma\u011fduriyeti ya\u015fayacak. 500 milyon dolar sadece ihracat kayb\u0131m\u0131z. Ka\u00ady\u0131s\u0131yla do\u011frudan ilgili zirai ila\u00e7, g\u00fcbre, \u00e7ad\u0131r, branda, ma\u00adkine ekipman ve nakliye ba\u015f\u00adta olmak \u00fczere t\u00fcm sekt\u00f6rel\u00adleri ve i\u015f g\u00fcc\u00fcne katk\u0131s\u0131n\u0131 da hesaplad\u0131\u011f\u0131m\u0131zda ekonomik kayb\u0131m\u0131z 200 milyar TL\u2019yi buluyor\u201d dedi.<\/p>\n<p>Kay\u0131s\u0131 a\u011fa\u00e7lar\u0131n\u0131n b\u00fcy\u00fck \u00e7o\u011funlu\u011funun sigortas\u0131z ol\u00addu\u011funa vurgu yapan Sad\u0131\u00adko\u011flu, \u201cBu y\u0131l Malatya\u2019da 19 bin 500 adet TARS\u0130M poli\u00ad\u00e7esi kesilmi\u015f. Bu poli\u00e7elerin sadece 8 bin 720\u2019si kay\u0131s\u0131 a\u011fa\u00e7lar\u0131 i\u00e7in. Yani, kay\u0131s\u0131 \u00fcreticimizin sadece y\u00fczde 20\u2019sinin a\u011fa\u00e7lar\u0131n\u0131 sigorta\u00adlatt\u0131\u011f\u0131n\u0131 g\u00f6r\u00fcyoruz. Sigorta yapt\u0131ran \u00fcreticilerin \u00e7o\u011funun sigorta poli\u00e7eleri sadece do\u00adluyu kaps\u0131yor, anlayaca\u011f\u0131n\u0131z zirai don teminat kapsam\u0131nda de\u011fil.<\/p>\n<p>Hala 6 \u015eubat depremle\u00adrinden ald\u0131\u011f\u0131m\u0131z yaray\u0131 tedavi s\u00fcrecindeyken, zirai dondan dolay ya\u015fanacak ekonomik kayb\u0131 kald\u0131racak g\u00fc\u00e7te de\u011fi\u00adliz. Malatya olarak, \u015fehrimi\u00adzin \u2018Genel Hayata Etkili Afet B\u00f6lgesi\u2019 ilan edilmesini talep ediyoruz. \u015eu bilgiyi payla\u015f\u00admak isterim; Malatya Turgut \u00d6zal \u00dcniversitesi taraf\u0131ndan zirai don raporu yay\u0131nland\u0131. Raporda; \u0130lk incelemelere g\u00f6\u00adre y\u00fczde 100&#8217;e yak\u0131n oranda \u00fcr\u00fcn kayb\u0131 oldu\u011fu, meydana gelen zirai donun \u015fiddeti iti\u00adbari ile bu y\u0131l\u0131n \u00fcr\u00fcn kayb\u0131n\u0131n yan\u0131 s\u0131ra a\u011fa\u00e7larda baz\u0131 fizyo\u00adlojik d\u00fczensizliklere yol a\u00e7t\u0131\u00ad\u011f\u0131 i\u00e7in \u00f6n\u00fcm\u00fczdeki y\u0131llarda da \u00fcr\u00fcn miktar\u0131n\u0131n azalaca\u00ad\u011f\u0131 belirtiliyor. \u00dcr\u00fcn\u00fcn y\u00fczde 100\u2019\u00fcn\u00fc kaybetmi\u015f durumda\u00ady\u0131z\u201d diye konu\u015ftu.<\/p>\n<h3>Kay\u0131s\u0131 t\u00fcccarlar\u0131 \u00fcr\u00fcn i\u00e7in yurtd\u0131\u015f\u0131na y\u00f6neldi<\/h3>\n<p>T\u00fcrkiye\u2019de 36 ilde 10-14 Ni\u00adsan tarihleri aras\u0131nda ya\u015fanan zirai don olay\u0131n\u0131n en b\u00fcy\u00fck hasar\u0131n Malatya&#8217;da oldu\u011funu ifade eden Vesta Tar\u0131m \u00dcr\u00fcn\u00adleri Y\u00f6netim Kurulu \u00dcyesi Ha\u00adkan \u00c7etin, b\u00f6lgede kay\u0131s\u0131n\u0131n y\u00fczde 100 etkilendi\u011fini, ce\u00adviz, badem, vi\u015fne elma kira\u00adz\u0131n da y\u00fczde 70 ile 80 oran\u0131n\u00adda etkilendi\u011fini s\u00f6yledi. Zirai donla birlikte meyvenin yan\u0131 s\u0131ra a\u011fa\u00e7lar\u0131n da olumsuz et\u00adkilendi\u011fine dikkat \u00e7eken \u00c7e\u00adtin, \u201cMalatya&#8217;n\u0131n tamam\u0131n\u0131n zirai dondan etkilendi. \u0130vedi\u00adlikle afet b\u00f6lgesi ilan edilme\u00adsi laz\u0131m. En b\u00fcy\u00fck s\u0131k\u0131nt\u0131y\u0131 \u015fu anda \u00fcreticiler \u00e7ekiyor ve \u00fcre\u00adticiler meyve olmamas\u0131na ra\u011f\u00admen hale a\u011fa\u00e7lara ila\u00e7, bak\u0131m ve sulama yapmak zorunda. Meyve olmamas\u0131na ra\u011fmen yakla\u015f\u0131k ana maliyetinin y\u00fcz\u00adde 50&#8217;sini yine a\u011faca tahsis et\u00admesi laz\u0131m\u201d dedi.<\/p>\n<h3>Tek kalem \u00e7al\u0131\u015fan k\u00fc\u00e7\u00fckler etkilenecek<\/h3>\n<p>\u015eu an \u00fcr\u00fcn al\u0131m\u0131yla ilgili s\u0131\u00adk\u0131nt\u0131 ya\u015fand\u0131\u011f\u0131n\u0131 ve piyasan\u0131n \u00e7ok y\u00fckseldi\u011fini ifade eden \u00c7etin, piyasada yakla\u015f\u0131k 35 bin ton kay\u0131s\u0131 tahmin edildi\u00ad\u011fini, \u00fcr\u00fcn\u00fcn bir k\u0131sm\u0131n\u0131n ih\u00adracat\u00e7\u0131da ve bir k\u0131sm\u0131n\u0131n da \u00fcreticide oldu\u011funu aktard\u0131. \u00d6nden ihracat i\u00e7in kontrat ya\u00adpanlar\u0131n oldu\u011funu ama say\u0131\u00adlar\u0131n\u0131n ve \u00fcr\u00fcn miktarlar\u0131n\u0131n d\u00fc\u015f\u00fck oldu\u011funu ifade eden \u00c7etin, \u201cMalatya&#8217;da yakla\u015f\u0131k 70 tane kay\u0131s\u0131 i\u015fleyen esnaf\u0131\u00adm\u0131z mevcut. Bunun yakla\u015f\u0131k bir 10-15 tanesi Ege b\u00f6lge\u00adsinde. Ege&#8217;dekiler \u00fcz\u00fcm, in\u00adcir gibi ba\u015fka \u00fcr\u00fcn kalemleri de yap\u0131yor.<\/p>\n<p>B\u00fcy\u00fckler d\u0131\u015f\u0131nda tek kalem \u00e7al\u0131\u015fan k\u00fc\u00e7\u00fck fir\u00admalar etkilenecek. \u015eu an ka\u00ady\u0131s\u0131ya 10 dolar\u0131n \u00fcst\u00fcnde tek\u00adlif ediyoruz ama alan ithalat\u00e7\u0131 yok. Zirai don \u00f6ncesi kuru ka\u00ady\u0131s\u0131n\u0131n kilogram\u0131 130 ile 150 lira olan orta boy mahsul \u015fu anda 300&#8217;de 350\u2019ye y\u00fcksel\u00addi. \u0130thalat\u00e7\u0131n\u0131n \u00f6n\u00fcnde Taci\u00adkistan, \u00d6zbekistan ve K\u0131rg\u0131\u00adzistan kays\u0131s\u0131 var ve fiyat\u0131 \u00e7ok d\u00fc\u015f\u00fck. Bizden yakla\u015f\u0131k \u00fc\u00e7te bir oran\u0131nda daha ucuz. Zi\u00adrai don olay\u0131ndan 2 hafta son\u00adra \u00d6zbekistan, Tacikistan ve K\u0131rg\u0131zistan\u2019a \u00fcr\u00fcn almaya gi\u00adden bir\u00e7ok T\u00fcrk t\u00fcccarlar\u0131n oldu. S\u00f6z konusu \u00fclkelere gi\u00adderek \u00fcr\u00fcn ba\u011flamak isteyen\u00adlerin u\u00e7aklarda bilet b\u0131rakma\u00add\u0131\u201d ifadelerini kulland\u0131.<\/p>\n<h3>Malatya\u2019dan 5 talep<\/h3>\n<p>1-Bu sezonun bor\u00e7lar\u0131 varken, yeniden g\u00fcbre, ila\u00e7, mazot, i\u015f\u00e7ilik maliyetleri ile \u00e7ift\u00e7ilerin ba\u015f etmesi m\u00fcmk\u00fcn de\u011fil. Bu kalemlerde azami destek sa\u011f\u00adlanmal\u0131.<\/p>\n<p>2- Bir sonraki hasada yakla\u00ad\u015f\u0131k 1,5 y\u0131l var. Geliri kay\u0131s\u0131ya ba\u011fl\u0131 \u00e7ift\u00e7ilerin bu d\u00f6nemde ayakta kalabilmek i\u00e7in faizsiz ve uzun vadeli krediler sunul\u00admal\u0131.<\/p>\n<p>3- \u00dcreticimizin tar\u0131msal bor\u00e7\u00adlar\u0131 en az 2 y\u0131l ertelenmeli.<\/p>\n<p>4-\u00dcr\u00fcn taahh\u00fctlerini yerine getiremeyecek ihracat\u00ad\u00e7\u0131 \u00fcyelerimizin kar\u015f\u0131la\u015faca\u011f\u0131 yapt\u0131r\u0131m ve sorunlar\u0131n bertaraf edilmesi i\u00e7in ilgili bakanl\u0131klar\u0131\u00adm\u0131z ve kurumlar\u0131m\u0131z taraf\u0131ndan gerekli destek sa\u011flanmal\u0131. Bu firmalar\u0131m\u0131za bu s\u00fcreci atlata\u00adbilmeleri i\u00e7in faizsiz uygun ko\u00ad\u015fullu kredi imk\u00e2nlar\u0131 tan\u0131nmal\u0131.<\/p>\n<p>5Ya\u015fad\u0131\u011f\u0131m\u0131z don felaketi, Malatya gibi deprem illeri\u00adne ikinci b\u00fcy\u00fck afeti ya\u015fatt\u0131. Bu nedenle ilimiz i\u00e7in daha fazla kaynak ve \u00f6zel destek sunulma\u00adl\u0131d\u0131r.<\/p>\n<h3>\u00a0\u201c\u00dcretici sanayici ve ihracat\u00e7\u0131y\u0131 derinden etkiledi\u201d<\/h3>\n<p>\u0130klim de\u011fi\u015fikli\u011finin etkilerini art\u0131k do\u011frudan ya\u015fad\u0131klar\u0131na dikkat \u00e7eken Mersin Ekonomi Platformu Ba\u015fkan\u0131 Servet \u00d6zkaya, kurakl\u0131k, dolu, ani s\u0131cakl\u0131k d\u00fc\u015f\u00fc\u015fleri ve zirai don gibi a\u015f\u0131r\u0131 hava olaylar\u0131n\u0131n tar\u0131m ve ekonomi \u00fczerinde ciddi tehditler olu\u015fturdu\u011funu vurgulad\u0131.<\/p>\n<p>Nisan ay\u0131nda ya\u015fanan ani don olay\u0131n\u0131n 36 ilde meyve \u00fcretimini derinden etkiledi\u011fini ve ekonomide b\u00fcy\u00fck bir hasara yol a\u00e7t\u0131\u011f\u0131n\u0131 ifade eden \u00d6zkaya, \u201cZirai dondan etkilenen \u00fcr\u00fcnler aras\u0131nda armut, ayva, badem, ceviz, elma, erik, f\u0131nd\u0131k, kay\u0131s\u0131, kiraz, limon, mandalina, nektarin, portakal, \u015feftali, \u00fcz\u00fcm ve f\u0131st\u0131k yer al\u0131yor. \u00d6zellikle ihracat\u0131m\u0131zda stratejik konumda bulunan kay\u0131s\u0131, kiraz ve vi\u015fne \u00fcr\u00fcnlerinde y\u00fczde 90\u2019a varan kay\u0131plar ya\u015fand\u0131. Elma \u00fcretimi de k\u0131smi fakat etkili \u015fekilde zarar g\u00f6rd\u00fc. Bu felaket, yaln\u0131zca \u00e7ift\u00e7imizi de\u011fil; tar\u0131msal hammaddelere dayal\u0131 \u00fcretim yapan sanayicimizi ve ihracat\u00e7\u0131m\u0131z\u0131 da ciddi bi\u00e7imde zorlayacak.<\/p>\n<p>Hammadde temininde ya\u015fanacak s\u0131k\u0131nt\u0131lar, \u00fcretim kapasitesini d\u00fc\u015f\u00fcrecek; ihracat sipari\u015flerinde gecikmelere ve iptallere yol a\u00e7acak. Bu durum, i\u00e7 piyasada fiyat istikrars\u0131zl\u0131\u011f\u0131na ve d\u0131\u015f pazarda rekabet g\u00fcc\u00fcm\u00fcz\u00fcn zay\u0131flamas\u0131na neden olacak. Don felaketinin etkilerini en aza indirebilmek ve bu s\u00fcreci daha az zararla atlatabilmek i\u00e7in bilimsel veriler \u0131\u015f\u0131\u011f\u0131nda stratejik \u00f6nlemler al\u0131nmal\u0131, \u00fcreticiye destek mekanizmalar\u0131 h\u0131zla devreye sokulmal\u0131. Zarar b\u00fcy\u00fck ama bilin\u00e7li ve koordineli bir m\u00fccadele ile etkisini hafifletebiliriz\u201d dedi.<\/p>\n<h3>Elma ihracat pazarlar\u0131nda kaybedilebilir<\/h3>\n<p>Elmada yer yer y\u00fczde 10, 20, 30 zarar g\u00f6ren yerlerin oldu\u011funu bildiren Isparta Ticaret ve Sanayi Odas\u0131 (ITSO) Y\u00f6netim Kurulu Ba\u015fkan\u0131 Metin \u00c7elik, zarar\u0131n net olarak belli olmad\u0131\u011f\u0131n\u0131, \u00e7i\u00e7eklenmeden sonra kalan \u00e7i\u00e7eklerin \u00f6nemli oldu\u011funu s\u00f6yledi. \u0130lde E\u011firdir gibi baz\u0131 b\u00f6lgelerin havan\u0131n nemli olmas\u0131ndan dolay\u0131 \u00fcr\u00fcnlerin kurtuldu\u011funu ifade eden \u00c7elik, \u201cAma Senirkent taraflar\u0131 so\u011fuktan etkilendi.<\/p>\n<p>Elmada yer yer y\u00fczde 20 ile 30 aras\u0131nda bir zarar g\u00f6r\u00fcn\u00fcyor. Bu sene elma aranan meyveler aras\u0131nda olacak. \u0130hracat pazar\u0131m\u0131z\u0131 biraz kaybetme noktas\u0131na gelebiliriz. Ekonomik kayb\u0131n 10 milyar liran\u0131n \u00fczerinde oldu\u011funu d\u00fc\u015f\u00fcn\u00fcyorum\u201d dedi. \u0130llerinde ge\u00e7en y\u0131l 1 milyon 250 bin ton civar\u0131nda elma rekoltesi \u00e7\u0131kt\u0131\u011f\u0131n\u0131 kaydeden Isparta Ziraat Odas\u0131 Ba\u015fkan\u0131 Muslahattin Can Sel\u00e7uk, elman\u0131n yan\u0131 s\u0131ra g\u00fcl, kiraz, ayva, ceviz, \u015feftali, erik \u00fcr\u00fcn\u00fcnde zarar\u0131n y\u00fczde 50&#8217;nin \u00fczerinde oldu\u011funu kaydetti.<\/p>\n<p>Akdeniz Ya\u015f Meyve Sebze \u0130hracat\u00e7\u0131lar\u0131 Birli\u011fi Ba\u015fkan Yard\u0131mc\u0131s\u0131 Necdet Sin ise Hatay\u2019da kay\u0131s\u0131 gibi erkenci \u00fcr\u00fcnlerin ihracat\u0131n\u0131 yapt\u0131klar\u0131n\u0131 belirterek, \u201c\u015eu an ihracat\u00e7\u0131 olarak ne bulursak g\u00f6nderiyoruz. Bu y\u0131l ne kadar \u00e7\u0131kar kimse bilmiyor. \u00dcretici de ihracat\u00e7\u0131 da ne kald\u0131\u011f\u0131n\u0131\u201d dedi.<\/p>\n<h3>Adana\u2019da zarar 14 milyar liraya ula\u015fabilir<\/h3>\n<p>Adana Ticaret Borsas\u0131 (ATB) Ba\u015fkan\u0131 \u015eahin Bilgi\u00e7, Adana genelinde tar\u0131msal \u00fcretimi olumsuz etkileyen zirai don ve kurakl\u0131\u011f\u0131n, \u00fcreticiler \u00fczerinde a\u011f\u0131r ekonomik kay\u0131plara yol a\u00e7t\u0131\u011f\u0131n\u0131 bildirdi. Bilgi\u00e7, resmi tespitlerde 8 milyar lira olarak kay\u0131tlara ge\u00e7en zarar\u0131n 13-14 milyar liraya kadar \u00e7\u0131kabilece\u011fini s\u00f6yledi. Zirai dondan ve kurakl\u0131ktan dolay\u0131 baz\u0131 yerlerde bu\u011fdaylar\u0131n s\u00f6k\u00fcld\u00fc\u011f\u00fcn\u00fc, bah\u00e7e \u00fcr\u00fcnlerinin b\u00fcy\u00fck k\u0131sm\u0131n\u0131n da zarar g\u00f6rd\u00fc\u011f\u00fcn\u00fc hat\u0131rlatan Bilgi\u00e7, \u201cTar\u0131msal \u00fcretimde s\u00fcrd\u00fcr\u00fclebilirli\u011fin sa\u011flanmas\u0131 a\u00e7\u0131s\u0131ndan hi\u00e7 vakit kaybetmeden tespit edilen zararlar\u0131n biran \u00f6nce kar\u015f\u0131lanmal\u0131. Bu s\u00fcre\u00e7te Tar\u0131m Kredi Kooperatifleri marifetiyle \u00fcreticinin girdi maliyetlerinin d\u00fc\u015f\u00fcr\u00fclmesi i\u00e7in do\u011frudan desteklerin art\u0131r\u0131lmas\u0131 gerekiyor\u201d diye konu\u015ftu.<\/p>\n","protected":false},"excerpt":{"rendered":"<p>There are many variations of but the majority have simply free text.<\/p>\n","protected":false},"author":1,"featured_media":1597,"comment_status":"open","ping_status":"open","sticky":false,"template":"","format":"standard","meta":{"footnotes":""},"categories":[17],"tags":[22,23,24],"class_list":["post-44","post","type-post","status-publish","format-standard","has-post-thumbnail","hentry","category-sektor-haberleri","tag-beach","tag-lifestyle","tag-parks"],"_links":{"self":[{"href":"http:\/\/kaparsogukhava.com\/index.php\/wp-json\/wp\/v2\/posts\/44","targetHints":{"allow":["GET"]}}],"collection":[{"href":"http:\/\/kaparsogukhava.com\/index.php\/wp-json\/wp\/v2\/posts"}],"about":[{"href":"http:\/\/kaparsogukhava.com\/index.php\/wp-json\/wp\/v2\/types\/post"}],"author":[{"embeddable":true,"href":"http:\/\/kaparsogukhava.com\/index.php\/wp-json\/wp\/v2\/users\/1"}],"replies":[{"embeddable":true,"href":"http:\/\/kaparsogukhava.com\/index.php\/wp-json\/wp\/v2\/comments?post=44"}],"version-history":[{"count":1,"href":"http:\/\/kaparsogukhava.com\/index.php\/wp-json\/wp\/v2\/posts\/44\/revisions"}],"predecessor-version":[{"id":1598,"href":"http:\/\/kaparsogukhava.com\/index.php\/wp-json\/wp\/v2\/posts\/44\/revisions\/1598"}],"wp:featuredmedia":[{"embeddable":true,"href":"http:\/\/kaparsogukhava.com\/index.php\/wp-json\/wp\/v2\/media\/1597"}],"wp:attachment":[{"href":"http:\/\/kaparsogukhava.com\/index.php\/wp-json\/wp\/v2\/media?parent=44"}],"wp:term":[{"taxonomy":"category","embeddable":true,"href":"http:\/\/kaparsogukhava.com\/index.php\/wp-json\/wp\/v2\/categories?post=44"},{"taxonomy":"post_tag","embeddable":true,"href":"http:\/\/kaparsogukhava.com\/index.php\/wp-json\/wp\/v2\/tags?post=44"}],"curies":[{"name":"wp","href":"https:\/\/api.w.org\/{rel}","templated":true}]}}