{"id":48,"date":"2025-03-08T04:37:29","date_gmt":"2025-03-08T01:37:29","guid":{"rendered":"https:\/\/gaviaspreview.com\/wp\/orgarium\/?p=48"},"modified":"2026-02-03T16:00:06","modified_gmt":"2026-02-03T13:00:06","slug":"limon-ureticisi-magdur-olmasin","status":"publish","type":"post","link":"http:\/\/kaparsogukhava.com\/index.php\/2025\/03\/08\/limon-ureticisi-magdur-olmasin\/","title":{"rendered":"Limon \u00fcreticisi ma\u011fdur olmas\u0131n, karar g\u00f6zden ge\u00e7irilsin"},"content":{"rendered":"<h2>Ticaret Bakanl\u0131\u011f\u0131 son d\u00f6nemde belirli b\u00f6lgelerde ya\u015fanan so\u011fuk hava ve don vakalar\u0131n\u0131 dikkate alarak bug\u00fcn itibariyle limon ihracat\u0131n\u0131 durdurma karar\u0131 ald\u0131. Limon \u00fcretici ve ihracat\u00e7\u0131lar\u0131, her kesimi ma\u011fdur edecek bu karar\u0131n yeniden g\u00f6zden ge\u00e7irilmesini istiyor.<\/h2>\n<p>Ticaret Bakanl\u0131\u011f\u0131, son d\u00f6nemde ya\u015fanan so\u011fuk hava ve don olaylar\u0131 nedeniyle limon ihracat\u0131n\u0131 ge\u00e7ici s\u00fcreyle durdurma karar\u0131 ald\u0131\u011f\u0131n\u0131 a\u00e7\u0131klad\u0131. Bakanl\u0131ktan yap\u0131lan a\u00e7\u0131klamada, \u201c\u00dclkenin belirli b\u00f6lgelerinde ya\u015fanan so\u011fuk hava ve don vakalar\u0131 dikkate al\u0131narak, yurt i\u00e7i limon arz ve talep dengesinin korunmas\u0131 ve arz g\u00fcvenli\u011finin \u00f6ncelenmesi amac\u0131yla bu karar al\u0131nm\u0131\u015ft\u0131r\u201d denildi.<\/p>\n<p>Bug\u00fcn itibariyle limon ihracat\u0131n\u0131n ge\u00e7ici olarak durdurulmas\u0131 karar\u0131, \u00fcretici ve ihracat\u00e7\u0131larda endi\u015felere yol a\u00e7t\u0131.<\/p>\n<figure class=\"wp-block-pullquote is-style-solid-color\">\n<blockquote class=\"wp-block-quote has-text-color has-very-dark-gray-color\"><p>\u201c\u00dclkenin belirli b\u00f6lgelerinde ya\u015fanan so\u011fuk hava ve don vakalar\u0131 dikkate al\u0131narak, yurt i\u00e7i limon arz ve talep dengesinin korunmas\u0131 ve arz g\u00fcvenli\u011finin \u00f6ncelenmesi amac\u0131yla bu karar al\u0131nm\u0131\u015ft\u0131r\u201d<\/p><\/blockquote>\n<\/figure>\n<p>Ticaret Bakanl\u0131\u011f\u0131, son d\u00f6nemde ya\u015fanan so\u011fuk hava ve don olaylar\u0131 nedeniyle limon ihracat\u0131n\u0131 ge\u00e7ici s\u00fcreyle durdurma karar\u0131 ald\u0131\u011f\u0131n\u0131 a\u00e7\u0131klad\u0131. Bakanl\u0131ktan yap\u0131lan a\u00e7\u0131klamada, \u201c\u00dclkenin belirli b\u00f6lgelerinde ya\u015fanan so\u011fuk hava ve don vakalar\u0131 dikkate al\u0131narak, yurt i\u00e7i limon arz ve talep dengesinin korunmas\u0131 ve arz g\u00fcvenli\u011finin \u00f6ncelenmesi amac\u0131yla bu karar al\u0131nm\u0131\u015ft\u0131r\u201d denildi.<\/p>\n<p>Bug\u00fcn itibariyle limon ihracat\u0131n\u0131n ge\u00e7ici olarak durdurulmas\u0131 karar\u0131, \u00fcretici ve ihracat\u00e7\u0131larda endi\u015felere yol a\u00e7t\u0131. Konuyla ilgili D\u00dcNYA\u2019ya konu\u015fan sekt\u00f6r temsilcileri, karar\u0131 g\u00f6zden ge\u00e7irme \u00e7a\u011fr\u0131s\u0131nda bulundu.<\/p>\n<h3>\u201c\u00dcreticilere ge\u00e7i\u015f s\u00fcresi tan\u0131nabilirdi\u201d<\/h3>\n<p>Karar\u0131n sekt\u00f6r a\u00e7\u0131s\u0131ndan \u00e7ok ani oldu\u011funu s\u00f6yleyen Mersin Ticaret Borsas\u0131 Ba\u015fkan\u0131 \u00d6. Abdullah \u00d6zdemir, \u201cB\u00f6yle bir karar\u0131n al\u0131nmas\u0131 zorunlu ise e\u011fer, bir ayl\u0131k s\u00fcre tan\u0131nabilir, \u00f6rne\u011fin may\u0131s ay\u0131ndan itibaren uygulanmaya ba\u015flanabilirdi. Limon ticareti ile i\u015ftigal eden kesimin belirli taahh\u00fct ve s\u00f6zle\u015fmelerden kaynaklanan y\u00fck\u00fcml\u00fcl\u00fckleri oldu\u011fu dikkate al\u0131nd\u0131\u011f\u0131nda, tan\u0131nacak bir ayl\u0131k s\u00fcrede gerekli tedbirler al\u0131nabilirdi.<\/p>\n<p>Di\u011fer yandan, rekabet i\u00e7erisinde bulundu\u011fumuz G\u00fcney Afrika ve Arjantin gibi \u00fclkelerin limonlar\u0131n\u0131n d\u00fcnya piyasalar\u0131na girmesi i\u00e7in bir ayl\u0131k bir s\u00fcre s\u00f6z konusudur. Bu karar, bir ay sonra uygulanacak \u015fekilde bir ge\u00e7i\u015f s\u00fcreci tan\u0131sayd\u0131 e\u011fer, G\u00fcney Afrika ve Arjantin\u2019in \u00fcr\u00fcnleri piyasaya girene kadar limon ihracat\u0131m\u0131z\u0131 art\u0131rabilirdik. B\u00f6ylece hem \u00fclke ekonomisi kazan\u00e7l\u0131 \u00e7\u0131kar hem de mevcut pazarlar\u0131m\u0131z\u0131 kaybetme riski ortadan kalkard\u0131\u201d dedi.<\/p>\n","protected":false},"excerpt":{"rendered":"<p>There are many variations of but the majority have simply free text.<\/p>\n","protected":false},"author":1,"featured_media":1585,"comment_status":"open","ping_status":"open","sticky":false,"template":"","format":"standard","meta":{"footnotes":""},"categories":[17],"tags":[50,48,49],"class_list":["post-48","post","type-post","status-publish","format-standard","has-post-thumbnail","hentry","category-sektor-haberleri","tag-ithalat","tag-patates","tag-virus"],"_links":{"self":[{"href":"http:\/\/kaparsogukhava.com\/index.php\/wp-json\/wp\/v2\/posts\/48","targetHints":{"allow":["GET"]}}],"collection":[{"href":"http:\/\/kaparsogukhava.com\/index.php\/wp-json\/wp\/v2\/posts"}],"about":[{"href":"http:\/\/kaparsogukhava.com\/index.php\/wp-json\/wp\/v2\/types\/post"}],"author":[{"embeddable":true,"href":"http:\/\/kaparsogukhava.com\/index.php\/wp-json\/wp\/v2\/users\/1"}],"replies":[{"embeddable":true,"href":"http:\/\/kaparsogukhava.com\/index.php\/wp-json\/wp\/v2\/comments?post=48"}],"version-history":[{"count":1,"href":"http:\/\/kaparsogukhava.com\/index.php\/wp-json\/wp\/v2\/posts\/48\/revisions"}],"predecessor-version":[{"id":1586,"href":"http:\/\/kaparsogukhava.com\/index.php\/wp-json\/wp\/v2\/posts\/48\/revisions\/1586"}],"wp:featuredmedia":[{"embeddable":true,"href":"http:\/\/kaparsogukhava.com\/index.php\/wp-json\/wp\/v2\/media\/1585"}],"wp:attachment":[{"href":"http:\/\/kaparsogukhava.com\/index.php\/wp-json\/wp\/v2\/media?parent=48"}],"wp:term":[{"taxonomy":"category","embeddable":true,"href":"http:\/\/kaparsogukhava.com\/index.php\/wp-json\/wp\/v2\/categories?post=48"},{"taxonomy":"post_tag","embeddable":true,"href":"http:\/\/kaparsogukhava.com\/index.php\/wp-json\/wp\/v2\/tags?post=48"}],"curies":[{"name":"wp","href":"https:\/\/api.w.org\/{rel}","templated":true}]}}